{"id":228,"date":"2009-01-01T00:00:36","date_gmt":"2008-12-31T23:00:36","guid":{"rendered":"http:\/\/marceloetiker.com\/?p=228"},"modified":"2016-05-08T23:15:15","modified_gmt":"2016-05-08T21:15:15","slug":"die-blaue-blume","status":"publish","type":"post","link":"http:\/\/marceloetiker.com\/en\/2009\/01\/die-blaue-blume\/","title":{"rendered":"Die Blaue Blume"},"content":{"rendered":"<p>St\u00fcck f\u00fcr Schwyzer\u00f6rgeli und Kontrabass<\/p>\n<p><a href=\"http:\/\/marceloetiker.com\/blog\/2009\/08\/15\/evolution\/\">2009; \u00abEVOLUTION\u00bb<br \/>\n<img data-recalc-dims=\"1\" loading=\"lazy\" decoding=\"async\" class=\"alignnone  wp-image-508\" src=\"https:\/\/i0.wp.com\/marceloetiker.com\/wp-content\/uploads\/sites\/11\/2016\/05\/moetrio_evo_front-300x300.jpg?resize=100%2C100\" alt=\"ALBUM: Marcel Oetiker TRIO : Evolution\" width=\"100\" height=\"100\" srcset=\"https:\/\/i0.wp.com\/marceloetiker.com\/en\/wp-content\/uploads\/sites\/11\/2016\/05\/moetrio_evo_front.jpg?resize=300%2C300 300w, https:\/\/i0.wp.com\/marceloetiker.com\/en\/wp-content\/uploads\/sites\/11\/2016\/05\/moetrio_evo_front.jpg?resize=150%2C150 150w, https:\/\/i0.wp.com\/marceloetiker.com\/en\/wp-content\/uploads\/sites\/11\/2016\/05\/moetrio_evo_front.jpg?w=682 682w\" sizes=\"auto, (max-width: 100px) 100vw, 100px\" \/><br \/>\n<\/a><\/p>\n","protected":false},"excerpt":{"rendered":"<p>St\u00fcck f\u00fcr Schwyzer\u00f6rgeli und Kontrabass 2009; \u00abEVOLUTION\u00bb<\/p>\n","protected":false},"author":1,"featured_media":0,"comment_status":"closed","ping_status":"closed","sticky":false,"template":"","format":"standard","meta":{"_jetpack_memberships_contains_paid_content":false,"footnotes":""},"categories":[4,122,3,124],"tags":[],"class_list":["post-228","post","type-post","status-publish","format-standard","hentry","category-buy","category-compositions","category-publications","category-scores"],"jetpack_featured_media_url":"","jetpack_sharing_enabled":true,"_links":{"self":[{"href":"http:\/\/marceloetiker.com\/en\/wp-json\/wp\/v2\/posts\/228","targetHints":{"allow":["GET"]}}],"collection":[{"href":"http:\/\/marceloetiker.com\/en\/wp-json\/wp\/v2\/posts"}],"about":[{"href":"http:\/\/marceloetiker.com\/en\/wp-json\/wp\/v2\/types\/post"}],"author":[{"embeddable":true,"href":"http:\/\/marceloetiker.com\/en\/wp-json\/wp\/v2\/users\/1"}],"replies":[{"embeddable":true,"href":"http:\/\/marceloetiker.com\/en\/wp-json\/wp\/v2\/comments?post=228"}],"version-history":[{"count":2,"href":"http:\/\/marceloetiker.com\/en\/wp-json\/wp\/v2\/posts\/228\/revisions"}],"predecessor-version":[{"id":778,"href":"http:\/\/marceloetiker.com\/en\/wp-json\/wp\/v2\/posts\/228\/revisions\/778"}],"wp:attachment":[{"href":"http:\/\/marceloetiker.com\/en\/wp-json\/wp\/v2\/media?parent=228"}],"wp:term":[{"taxonomy":"category","embeddable":true,"href":"http:\/\/marceloetiker.com\/en\/wp-json\/wp\/v2\/categories?post=228"},{"taxonomy":"post_tag","embeddable":true,"href":"http:\/\/marceloetiker.com\/en\/wp-json\/wp\/v2\/tags?post=228"}],"curies":[{"name":"wp","href":"https:\/\/api.w.org\/{rel}","templated":true}]}}