{"id":297,"date":"2009-01-01T00:00:42","date_gmt":"2008-12-31T23:00:42","guid":{"rendered":"http:\/\/marceloetiker.com\/?p=297"},"modified":"2016-05-09T00:39:48","modified_gmt":"2016-05-08T22:39:48","slug":"dr-heiweh-altedoerfler","status":"publish","type":"post","link":"http:\/\/marceloetiker.com\/en\/2009\/01\/dr-heiweh-altedoerfler\/","title":{"rendered":"Dr Heiweh-Alted\u00f6rfler"},"content":{"rendered":"<p>L\u00e4ndler f\u00fcr Schwyzer\u00f6rgeli, inkl. 2. Stimme f\u00fcr Klavier<\/p>\n<p><a href=\"http:\/\/marceloetiker.com\/blog\/2009\/09\/backup\/\">2009; \u00abBackUp\u00bb<br \/>\n<img data-recalc-dims=\"1\" loading=\"lazy\" decoding=\"async\" class=\"alignnone  wp-image-491\" src=\"https:\/\/i0.wp.com\/marceloetiker.com\/wp-content\/uploads\/sites\/11\/2016\/05\/backup_cover-300x300.gif?resize=100%2C100\" alt=\"ALBUM : Trio Marcel Oetiker : backUp\" width=\"100\" height=\"100\" srcset=\"https:\/\/i0.wp.com\/marceloetiker.com\/en\/wp-content\/uploads\/sites\/11\/2016\/05\/backup_cover.gif?resize=300%2C300 300w, https:\/\/i0.wp.com\/marceloetiker.com\/en\/wp-content\/uploads\/sites\/11\/2016\/05\/backup_cover.gif?resize=150%2C150 150w\" sizes=\"auto, (max-width: 100px) 100vw, 100px\" \/><br \/>\n<\/a><\/p>\n","protected":false},"excerpt":{"rendered":"<p>L\u00e4ndler f\u00fcr Schwyzer\u00f6rgeli, inkl. 2. Stimme f\u00fcr Klavier 2009; \u00abBackUp\u00bb<\/p>\n","protected":false},"author":1,"featured_media":0,"comment_status":"closed","ping_status":"closed","sticky":false,"template":"","format":"standard","meta":{"_jetpack_memberships_contains_paid_content":false,"footnotes":""},"categories":[4,122,3,124],"tags":[],"class_list":["post-297","post","type-post","status-publish","format-standard","hentry","category-buy","category-compositions","category-publications","category-scores"],"jetpack_featured_media_url":"","jetpack_sharing_enabled":true,"_links":{"self":[{"href":"http:\/\/marceloetiker.com\/en\/wp-json\/wp\/v2\/posts\/297","targetHints":{"allow":["GET"]}}],"collection":[{"href":"http:\/\/marceloetiker.com\/en\/wp-json\/wp\/v2\/posts"}],"about":[{"href":"http:\/\/marceloetiker.com\/en\/wp-json\/wp\/v2\/types\/post"}],"author":[{"embeddable":true,"href":"http:\/\/marceloetiker.com\/en\/wp-json\/wp\/v2\/users\/1"}],"replies":[{"embeddable":true,"href":"http:\/\/marceloetiker.com\/en\/wp-json\/wp\/v2\/comments?post=297"}],"version-history":[{"count":2,"href":"http:\/\/marceloetiker.com\/en\/wp-json\/wp\/v2\/posts\/297\/revisions"}],"predecessor-version":[{"id":835,"href":"http:\/\/marceloetiker.com\/en\/wp-json\/wp\/v2\/posts\/297\/revisions\/835"}],"wp:attachment":[{"href":"http:\/\/marceloetiker.com\/en\/wp-json\/wp\/v2\/media?parent=297"}],"wp:term":[{"taxonomy":"category","embeddable":true,"href":"http:\/\/marceloetiker.com\/en\/wp-json\/wp\/v2\/categories?post=297"},{"taxonomy":"post_tag","embeddable":true,"href":"http:\/\/marceloetiker.com\/en\/wp-json\/wp\/v2\/tags?post=297"}],"curies":[{"name":"wp","href":"https:\/\/api.w.org\/{rel}","templated":true}]}}