{"id":331,"date":"2011-01-01T00:00:49","date_gmt":"2010-12-31T23:00:49","guid":{"rendered":"http:\/\/marceloetiker.com\/?p=331"},"modified":"2016-05-09T01:22:46","modified_gmt":"2016-05-08T23:22:46","slug":"laendlerwanderig-im-schottischgebirge","status":"publish","type":"post","link":"http:\/\/marceloetiker.com\/en\/2011\/01\/laendlerwanderig-im-schottischgebirge\/","title":{"rendered":"L\u00e4ndlerwanderig im Schottischgebirge"},"content":{"rendered":"<p>St\u00fcck f\u00fcr Schwyzer\u00f6rgeli<\/p>\n<p><a href=\"http:\/\/marceloetiker.com\/blog\/2012\/05\/widertaektits\/\">2011; \u00abWIDDERT\u00c4KTIGS\u00bb<\/a><br \/>\n<img data-recalc-dims=\"1\" loading=\"lazy\" decoding=\"async\" class=\"alignnone wp-image-437\" src=\"https:\/\/i0.wp.com\/marceloetiker.com\/wp-content\/uploads\/sites\/11\/2016\/05\/widertaektigs_booklet_1-300x297.jpg?resize=100%2C100\" alt=\"ALBUM : Widert\u00e4ktigs\" width=\"100\" height=\"100\" srcset=\"https:\/\/i0.wp.com\/marceloetiker.com\/en\/wp-content\/uploads\/sites\/11\/2016\/05\/widertaektigs_booklet_1.jpg?resize=300%2C297 300w, https:\/\/i0.wp.com\/marceloetiker.com\/en\/wp-content\/uploads\/sites\/11\/2016\/05\/widertaektigs_booklet_1.jpg?resize=150%2C150 150w, https:\/\/i0.wp.com\/marceloetiker.com\/en\/wp-content\/uploads\/sites\/11\/2016\/05\/widertaektigs_booklet_1.jpg?w=343 343w\" sizes=\"auto, (max-width: 100px) 100vw, 100px\" \/><\/p>\n","protected":false},"excerpt":{"rendered":"<p>St\u00fcck f\u00fcr Schwyzer\u00f6rgeli 2011; \u00abWIDDERT\u00c4KTIGS\u00bb<\/p>\n","protected":false},"author":1,"featured_media":0,"comment_status":"closed","ping_status":"closed","sticky":false,"template":"","format":"standard","meta":{"_jetpack_memberships_contains_paid_content":false,"footnotes":""},"categories":[4,122,3,124],"tags":[],"class_list":["post-331","post","type-post","status-publish","format-standard","hentry","category-buy","category-compositions","category-publications","category-scores"],"jetpack_featured_media_url":"","jetpack_sharing_enabled":true,"_links":{"self":[{"href":"http:\/\/marceloetiker.com\/en\/wp-json\/wp\/v2\/posts\/331","targetHints":{"allow":["GET"]}}],"collection":[{"href":"http:\/\/marceloetiker.com\/en\/wp-json\/wp\/v2\/posts"}],"about":[{"href":"http:\/\/marceloetiker.com\/en\/wp-json\/wp\/v2\/types\/post"}],"author":[{"embeddable":true,"href":"http:\/\/marceloetiker.com\/en\/wp-json\/wp\/v2\/users\/1"}],"replies":[{"embeddable":true,"href":"http:\/\/marceloetiker.com\/en\/wp-json\/wp\/v2\/comments?post=331"}],"version-history":[{"count":2,"href":"http:\/\/marceloetiker.com\/en\/wp-json\/wp\/v2\/posts\/331\/revisions"}],"predecessor-version":[{"id":898,"href":"http:\/\/marceloetiker.com\/en\/wp-json\/wp\/v2\/posts\/331\/revisions\/898"}],"wp:attachment":[{"href":"http:\/\/marceloetiker.com\/en\/wp-json\/wp\/v2\/media?parent=331"}],"wp:term":[{"taxonomy":"category","embeddable":true,"href":"http:\/\/marceloetiker.com\/en\/wp-json\/wp\/v2\/categories?post=331"},{"taxonomy":"post_tag","embeddable":true,"href":"http:\/\/marceloetiker.com\/en\/wp-json\/wp\/v2\/tags?post=331"}],"curies":[{"name":"wp","href":"https:\/\/api.w.org\/{rel}","templated":true}]}}