{"id":333,"date":"2011-01-01T00:00:32","date_gmt":"2010-12-31T23:00:32","guid":{"rendered":"http:\/\/marceloetiker.com\/?p=333"},"modified":"2016-05-08T13:54:22","modified_gmt":"2016-05-08T11:54:22","slug":"mediaphonischer-7er-in-bb","status":"publish","type":"post","link":"http:\/\/marceloetiker.com\/en\/2011\/01\/mediaphonischer-7er-in-bb\/","title":{"rendered":"Mediaphonischer 7er in Bb"},"content":{"rendered":"<p>St\u00fcck f\u00fcr Schwyzer\u00f6rgeli, Gitarre, Kontrabass<\/p>\n","protected":false},"excerpt":{"rendered":"<p>St\u00fcck f\u00fcr Schwyzer\u00f6rgeli, Gitarre, Kontrabass<\/p>\n","protected":false},"author":1,"featured_media":0,"comment_status":"closed","ping_status":"closed","sticky":false,"template":"","format":"standard","meta":{"_jetpack_memberships_contains_paid_content":false,"footnotes":""},"categories":[122,124,126],"tags":[],"class_list":["post-333","post","type-post","status-publish","format-standard","hentry","category-compositions","category-scores","category-unpublished"],"jetpack_featured_media_url":"","jetpack_sharing_enabled":true,"_links":{"self":[{"href":"http:\/\/marceloetiker.com\/en\/wp-json\/wp\/v2\/posts\/333","targetHints":{"allow":["GET"]}}],"collection":[{"href":"http:\/\/marceloetiker.com\/en\/wp-json\/wp\/v2\/posts"}],"about":[{"href":"http:\/\/marceloetiker.com\/en\/wp-json\/wp\/v2\/types\/post"}],"author":[{"embeddable":true,"href":"http:\/\/marceloetiker.com\/en\/wp-json\/wp\/v2\/users\/1"}],"replies":[{"embeddable":true,"href":"http:\/\/marceloetiker.com\/en\/wp-json\/wp\/v2\/comments?post=333"}],"version-history":[{"count":1,"href":"http:\/\/marceloetiker.com\/en\/wp-json\/wp\/v2\/posts\/333\/revisions"}],"predecessor-version":[{"id":334,"href":"http:\/\/marceloetiker.com\/en\/wp-json\/wp\/v2\/posts\/333\/revisions\/334"}],"wp:attachment":[{"href":"http:\/\/marceloetiker.com\/en\/wp-json\/wp\/v2\/media?parent=333"}],"wp:term":[{"taxonomy":"category","embeddable":true,"href":"http:\/\/marceloetiker.com\/en\/wp-json\/wp\/v2\/categories?post=333"},{"taxonomy":"post_tag","embeddable":true,"href":"http:\/\/marceloetiker.com\/en\/wp-json\/wp\/v2\/tags?post=333"}],"curies":[{"name":"wp","href":"https:\/\/api.w.org\/{rel}","templated":true}]}}