{"id":369,"date":"2012-09-11T00:00:27","date_gmt":"2012-09-10T22:00:27","guid":{"rendered":"http:\/\/marceloetiker.com\/?p=369"},"modified":"2016-05-10T13:22:11","modified_gmt":"2016-05-10T11:22:11","slug":"soerbaird","status":"publish","type":"post","link":"http:\/\/marceloetiker.com\/en\/2012\/09\/soerbaird\/","title":{"rendered":"s\u00f3erbaird"},"content":{"rendered":"<p>Mediaphonisches Werk f\u00fcr ein akustisches Nonett<\/p>\n<p>Urauff\u00fchrung: 11.09.2012<\/p>\n<p>Line Up:<\/p>\n<p>&#8211; Querfl\u00f6te (H-Fuss): Murat Cevic<br \/>\n&#8211; Barockgeige (Cb): Andreas Gabriel<br \/>\n&#8211; Schwyzer\u00f6rgeli (C): Marcel Oetiker<br \/>\n&#8211; Gitarre (akustisch): Roger Szedalik<br \/>\n&#8211; Celesta: Pirmin Sch\u00e4dler<br \/>\n&#8211; Posaune: Roger Bamert<br \/>\n&#8211; Bassklarinette (Bb): Andreas Amb\u00fchl<br \/>\n&#8211; Kontrabass: R\u00e4tus Flisch<br \/>\n&#8211; Schlagzeug (Set): Christian Z\u00fcnd<\/p>\n<iframe loading=\"lazy\" width=\"100%\" height=\"166\" scrolling=\"no\" frameborder=\"no\" src=\"https:\/\/w.soundcloud.com\/player\/?url=https%3A%2F%2Fapi.soundcloud.com%2Ftracks%2F118519642&auto_play=false&hide_related=false&visual=false&show_comments=true&show_user=true&show_reposts=false&color=ff5500\"><\/iframe>\n<p>Mit freundlicher Unterst\u00fctzung von Pro Helvetia bzw.\u00a0Alpent\u00f6ne2013<\/p>\n<p>Ausschnitt\u00a0ver\u00f6ffentlicht auf\u00a0<a href=\"http:\/\/marceloetiker.com\/blog\/2013\/11\/alpentoene-festival-2013\/\">Alpent\u00f6ne 2013<br \/>\n<img data-recalc-dims=\"1\" loading=\"lazy\" decoding=\"async\" class=\"alignnone wp-image-407\" src=\"https:\/\/i0.wp.com\/marceloetiker.com\/wp-content\/uploads\/sites\/11\/2016\/05\/alpentoene-2013.jpg?resize=100%2C100\" alt=\"ALBUM : Alpent\u00f6ne 2013\" width=\"100\" height=\"100\" \/><br \/>\n<\/a><\/p>\n","protected":false},"excerpt":{"rendered":"<p>Mediaphonisches Werk f\u00fcr ein akustisches Nonett Urauff\u00fchrung: 11.09.2012 Line Up: &#8211; Querfl\u00f6te (H-Fuss): Murat Cevic &#8211; Barockgeige (Cb): Andreas Gabriel &#8211; Schwyzer\u00f6rgeli (C): Marcel Oetiker &#8211; Gitarre (akustisch): Roger Szedalik &#8211; Celesta: Pirmin Sch\u00e4dler &#8211; Posaune: Roger Bamert &#8211; Bassklarinette (Bb): Andreas Amb\u00fchl &#8211; Kontrabass: R\u00e4tus Flisch &#8211; Schlagzeug (Set): Christian Z\u00fcnd Mit freundlicher Unterst\u00fctzung [&hellip;]<\/p>\n","protected":false},"author":1,"featured_media":0,"comment_status":"closed","ping_status":"closed","sticky":false,"template":"","format":"standard","meta":{"_jetpack_memberships_contains_paid_content":false,"footnotes":""},"categories":[153,4,122,89,3,124],"tags":[],"class_list":["post-369","post","type-post","status-publish","format-standard","hentry","category-audio","category-buy","category-compositions","category-marcel-oetiker-nonett","category-publications","category-scores"],"jetpack_featured_media_url":"","jetpack_sharing_enabled":true,"_links":{"self":[{"href":"http:\/\/marceloetiker.com\/en\/wp-json\/wp\/v2\/posts\/369","targetHints":{"allow":["GET"]}}],"collection":[{"href":"http:\/\/marceloetiker.com\/en\/wp-json\/wp\/v2\/posts"}],"about":[{"href":"http:\/\/marceloetiker.com\/en\/wp-json\/wp\/v2\/types\/post"}],"author":[{"embeddable":true,"href":"http:\/\/marceloetiker.com\/en\/wp-json\/wp\/v2\/users\/1"}],"replies":[{"embeddable":true,"href":"http:\/\/marceloetiker.com\/en\/wp-json\/wp\/v2\/comments?post=369"}],"version-history":[{"count":4,"href":"http:\/\/marceloetiker.com\/en\/wp-json\/wp\/v2\/posts\/369\/revisions"}],"predecessor-version":[{"id":1079,"href":"http:\/\/marceloetiker.com\/en\/wp-json\/wp\/v2\/posts\/369\/revisions\/1079"}],"wp:attachment":[{"href":"http:\/\/marceloetiker.com\/en\/wp-json\/wp\/v2\/media?parent=369"}],"wp:term":[{"taxonomy":"category","embeddable":true,"href":"http:\/\/marceloetiker.com\/en\/wp-json\/wp\/v2\/categories?post=369"},{"taxonomy":"post_tag","embeddable":true,"href":"http:\/\/marceloetiker.com\/en\/wp-json\/wp\/v2\/tags?post=369"}],"curies":[{"name":"wp","href":"https:\/\/api.w.org\/{rel}","templated":true}]}}