{"id":64,"date":"2012-05-28T00:00:31","date_gmt":"2012-05-27T22:00:31","guid":{"rendered":"http:\/\/marceloetiker.com\/?p=64"},"modified":"2016-05-09T01:57:43","modified_gmt":"2016-05-08T23:57:43","slug":"kampf-der-koeniginnen","status":"publish","type":"post","link":"http:\/\/marceloetiker.com\/en\/2012\/05\/kampf-der-koeniginnen\/","title":{"rendered":"Kampf der K\u00f6niginnen"},"content":{"rendered":"<p><img data-recalc-dims=\"1\" loading=\"lazy\" decoding=\"async\" class=\"alignnone wp-image-414\" src=\"https:\/\/i0.wp.com\/marceloetiker.com\/wp-content\/uploads\/sites\/11\/2016\/05\/kampf-der-koeniginnen.jpg?resize=100%2C100\" alt=\"ALBUM : Kampf der K\u00f6niginnen\" width=\"100\" height=\"100\" \/><\/p>\n<p>Am 3. Mai 2012 startete der eindrucksvolle Dokumentarfilm \u00abKampf der K\u00f6niginnen\u00bb von Nicolas Steiner in den Deutschschweizer Kinos.<\/p>\n<p>Der Film dokumentiert in bestechenden Schwarz-Weiss-Bildern die Walliser Kuhk\u00e4mpfe. Der Regisseur verflechtet das Kampfgeschehen mit den Erlebnissen der Protagonisten und l\u00e4sst das Publikum in ein Spektakel voller Spannung, Emotionen, Leidenschaft und feinen zwischenmenschlichen T\u00f6nen eintauchen. \u00abKampf der K\u00f6niginnen\u00bb wird so zu einem unvergesslichen Kinoerlebnis.<\/p>\n<p>\u00abKampf der K\u00f6niginnen\u00bb wurde bereits erfolgreich an internationalen Festivals gezeigt, unter anderem an der Berlinale, in Locarno und als Er\u00f6ffnungsfilm bei Visions du R\u00e9el in Nyon.<\/p>\n<p>F\u00fcr die Filmmusik, komponiert von John G\u00fcrtler und Jan Misere, konnten diverse Musikgr\u00f6ssen gewonnen werden:<\/p>\n<p>Erika Stucky, Balthasar Streiff, Marcel Oetiker, T\u00f6bi Tobler, David Studer, Daniel Eichholz, Isabelle Klemt, Andreas W\u00e4lti, Tobias Koch.<\/p>\n<p>LineUp: http:\/\/www.kampfderkoeniginnen.ch\/castcrew.html<\/p>\n<p>iTunes: http:\/\/itunes.apple.com\/de\/album\/kampf-der-koniginnen-ost-ep\/id522340854<\/p>\n<p>Trailer: http:\/\/youtu.be\/1p1v_0Lx5RI<\/p>\n<p>Website: http:\/\/www.kampfderkoeniginnen.ch\/<\/p>\n<p>Veranstaltung: Filmmusik<\/p>\n","protected":false},"excerpt":{"rendered":"<p>Am 3. Mai 2012 startete der eindrucksvolle Dokumentarfilm \u00abKampf der K\u00f6niginnen\u00bb von Nicolas Steiner in den Deutschschweizer Kinos. Der Film dokumentiert in bestechenden Schwarz-Weiss-Bildern die Walliser Kuhk\u00e4mpfe. Der Regisseur verflechtet das Kampfgeschehen mit den Erlebnissen der Protagonisten und l\u00e4sst das Publikum in ein Spektakel voller Spannung, Emotionen, Leidenschaft und feinen zwischenmenschlichen T\u00f6nen eintauchen. \u00abKampf der [&hellip;]<\/p>\n","protected":false},"author":1,"featured_media":0,"comment_status":"closed","ping_status":"closed","sticky":false,"template":"","format":"standard","meta":{"_jetpack_memberships_contains_paid_content":false,"footnotes":""},"categories":[9,4,65,64,31,3,6],"tags":[],"class_list":["post-64","post","type-post","status-publish","format-standard","hentry","category-audio-cd","category-buy","category-documentary-film","category-dvd","category-external-collective-production","category-publications","category-studio-musician"],"jetpack_featured_media_url":"","jetpack_sharing_enabled":false,"_links":{"self":[{"href":"http:\/\/marceloetiker.com\/en\/wp-json\/wp\/v2\/posts\/64","targetHints":{"allow":["GET"]}}],"collection":[{"href":"http:\/\/marceloetiker.com\/en\/wp-json\/wp\/v2\/posts"}],"about":[{"href":"http:\/\/marceloetiker.com\/en\/wp-json\/wp\/v2\/types\/post"}],"author":[{"embeddable":true,"href":"http:\/\/marceloetiker.com\/en\/wp-json\/wp\/v2\/users\/1"}],"replies":[{"embeddable":true,"href":"http:\/\/marceloetiker.com\/en\/wp-json\/wp\/v2\/comments?post=64"}],"version-history":[{"count":2,"href":"http:\/\/marceloetiker.com\/en\/wp-json\/wp\/v2\/posts\/64\/revisions"}],"predecessor-version":[{"id":943,"href":"http:\/\/marceloetiker.com\/en\/wp-json\/wp\/v2\/posts\/64\/revisions\/943"}],"wp:attachment":[{"href":"http:\/\/marceloetiker.com\/en\/wp-json\/wp\/v2\/media?parent=64"}],"wp:term":[{"taxonomy":"category","embeddable":true,"href":"http:\/\/marceloetiker.com\/en\/wp-json\/wp\/v2\/categories?post=64"},{"taxonomy":"post_tag","embeddable":true,"href":"http:\/\/marceloetiker.com\/en\/wp-json\/wp\/v2\/tags?post=64"}],"curies":[{"name":"wp","href":"https:\/\/api.w.org\/{rel}","templated":true}]}}