{"id":73,"date":"2013-10-01T00:00:49","date_gmt":"2013-09-30T22:00:49","guid":{"rendered":"http:\/\/marceloetiker.com\/?p=73"},"modified":"2016-05-09T01:27:50","modified_gmt":"2016-05-08T23:27:50","slug":"swissarmybigband-reloaded","status":"publish","type":"post","link":"http:\/\/marceloetiker.com\/en\/2013\/10\/swissarmybigband-reloaded\/","title":{"rendered":"SwissArmyBigBand \u00abreloaded\u00bb"},"content":{"rendered":"<p><img data-recalc-dims=\"1\" loading=\"lazy\" decoding=\"async\" class=\"alignnone wp-image-426\" src=\"https:\/\/i0.wp.com\/marceloetiker.com\/wp-content\/uploads\/sites\/11\/2016\/05\/swissarmybigband-reloaded.jpg?resize=100%2C100\" alt=\"ALBUM : Swiss Army Big Band \/ Schweizer Armeespiel : Reloaded (Mediaphonic Cycle)\" width=\"100\" height=\"100\" \/><\/p>\n<p>u.a. mit Aufnahme der SUITE <i>Mediaphonic Cycle<\/i> (arr. J.Walter) f\u00fcr BigBand und Schwyzer\u00f6rgeli (Marcel Oetiker) sowie<\/p>\n<p><i>Neiw\u00e4 Artig<\/i> (arr. M.Streule) f\u00fcr BigBand und Klarinette (Roli von Fl\u00fce) mit Schwyzer\u00f6rgeli (Marcel Oetiker)<\/p>\n<p><b>2013<\/b><\/p>\n","protected":false},"excerpt":{"rendered":"<p>u.a. mit Aufnahme der SUITE Mediaphonic Cycle (arr. J.Walter) f\u00fcr BigBand und Schwyzer\u00f6rgeli (Marcel Oetiker) sowie Neiw\u00e4 Artig (arr. M.Streule) f\u00fcr BigBand und Klarinette (Roli von Fl\u00fce) mit Schwyzer\u00f6rgeli (Marcel Oetiker) 2013<\/p>\n","protected":false},"author":1,"featured_media":0,"comment_status":"closed","ping_status":"closed","sticky":false,"template":"","format":"standard","meta":{"_jetpack_memberships_contains_paid_content":false,"footnotes":""},"categories":[9,4,35,3,6],"tags":[],"class_list":["post-73","post","type-post","status-publish","format-standard","hentry","category-audio-cd","category-buy","category-compilation","category-publications","category-studio-musician"],"jetpack_featured_media_url":"","jetpack_sharing_enabled":false,"_links":{"self":[{"href":"http:\/\/marceloetiker.com\/en\/wp-json\/wp\/v2\/posts\/73","targetHints":{"allow":["GET"]}}],"collection":[{"href":"http:\/\/marceloetiker.com\/en\/wp-json\/wp\/v2\/posts"}],"about":[{"href":"http:\/\/marceloetiker.com\/en\/wp-json\/wp\/v2\/types\/post"}],"author":[{"embeddable":true,"href":"http:\/\/marceloetiker.com\/en\/wp-json\/wp\/v2\/users\/1"}],"replies":[{"embeddable":true,"href":"http:\/\/marceloetiker.com\/en\/wp-json\/wp\/v2\/comments?post=73"}],"version-history":[{"count":2,"href":"http:\/\/marceloetiker.com\/en\/wp-json\/wp\/v2\/posts\/73\/revisions"}],"predecessor-version":[{"id":905,"href":"http:\/\/marceloetiker.com\/en\/wp-json\/wp\/v2\/posts\/73\/revisions\/905"}],"wp:attachment":[{"href":"http:\/\/marceloetiker.com\/en\/wp-json\/wp\/v2\/media?parent=73"}],"wp:term":[{"taxonomy":"category","embeddable":true,"href":"http:\/\/marceloetiker.com\/en\/wp-json\/wp\/v2\/categories?post=73"},{"taxonomy":"post_tag","embeddable":true,"href":"http:\/\/marceloetiker.com\/en\/wp-json\/wp\/v2\/tags?post=73"}],"curies":[{"name":"wp","href":"https:\/\/api.w.org\/{rel}","templated":true}]}}